{"id":4500,"date":"2020-10-14T12:52:41","date_gmt":"2020-10-14T12:52:41","guid":{"rendered":"https:\/\/thecedition.com\/?p=4500"},"modified":"2020-10-14T12:52:41","modified_gmt":"2020-10-14T12:52:41","slug":"chorus","status":"publish","type":"post","link":"https:\/\/thecedition.com\/es\/chorus\/","title":{"rendered":"CHORUS"},"content":{"rendered":"<p>La octava colecci\u00f3n de The C Edition te pide que vivas en el presente, que aplaudas a<br \/>\nla mujer que eres hoy, no la que fuiste hace 10 a\u00f1os que actuaba seg\u00fan lo que sabia<br \/>\nentonces, ni la que fuiste el a\u00f1o pasado o hace 3 a\u00f1os, pero la que eres hoy. Que des<br \/>\nun abrazo a la ni\u00f1a que fuiste y a los errores que ella pudo haber cometido, para que<br \/>\npuedas liberar a la mujer que eres hoy. \u00a1Solo as\u00ed florecer\u00e1s!<\/p>\n<p>Te pide que reconozcas tu singularidad, porque s\u00f3lo entonces te exculpar\u00e1s de<br \/>\ncomparaciones y competiciones innecesarias; cuando el hecho de que no haya otra<br \/>\nmujer como t\u00fa se convierta en la convicci\u00f3n de tu vida. Te pide que te permitas vivir<br \/>\ntu vida como la has so\u00f1ado, libremente, como cuando te dejas llevar y bailas al ritmo<br \/>\nde tu canci\u00f3n preferido, de tu coro (Chorus) preferido.<\/p>\n<p>La colecci\u00f3n Chorus de Oto\u00f1o-Invierno 2020-21 tiene un car\u00e1cter fuerte de los a\u00f1os<br \/>\n80; bodys cl\u00e1sicos y atemporales de algod\u00f3n negro con recortes intensos en la espalda<br \/>\no en el pecho. Viscosa negra que a veces basta para vestirte y otras veces se une con<br \/>\nencaje negro, recuperando de nuestro subconsciente escenas de la serie \u201cDynasty\u201d.<br \/>\nTerciopelo floral que da una dimensi\u00f3n vintage a la colecci\u00f3n invernal, terciopelo<br \/>\nnegro que cubre el cuerpo femenino como un guante, rib que se puede llevar durante<br \/>\ntodo el d\u00eda, pero tambi\u00e9n tonos met\u00e1licos que vienen a vestirte con estampados con<br \/>\nlunares azules, lentejuelas de varios colores o con flecos y transparencias negras.<br \/>\n<\/p>","protected":false},"excerpt":{"rendered":"<p>La colecci\u00f3n Chorus de Oto\u00f1o-Invierno 2020-21 tiene un car\u00e1cter fuerte de los a\u00f1os<br \/>\n80<\/p>\n","protected":false},"author":1,"featured_media":4549,"comment_status":"closed","ping_status":"open","sticky":false,"template":"","format":"standard","meta":{"_acf_changed":false,"_exactmetrics_skip_tracking":false,"_exactmetrics_sitenote_active":false,"_exactmetrics_sitenote_note":"","_exactmetrics_sitenote_category":0,"footnotes":""},"categories":[70],"tags":[],"class_list":["post-4500","post","type-post","status-publish","format-standard","has-post-thumbnail","hentry","category-journal"],"acf":[],"_links":{"self":[{"href":"https:\/\/thecedition.com\/es\/wp-json\/wp\/v2\/posts\/4500","targetHints":{"allow":["GET"]}}],"collection":[{"href":"https:\/\/thecedition.com\/es\/wp-json\/wp\/v2\/posts"}],"about":[{"href":"https:\/\/thecedition.com\/es\/wp-json\/wp\/v2\/types\/post"}],"author":[{"embeddable":true,"href":"https:\/\/thecedition.com\/es\/wp-json\/wp\/v2\/users\/1"}],"replies":[{"embeddable":true,"href":"https:\/\/thecedition.com\/es\/wp-json\/wp\/v2\/comments?post=4500"}],"version-history":[{"count":5,"href":"https:\/\/thecedition.com\/es\/wp-json\/wp\/v2\/posts\/4500\/revisions"}],"predecessor-version":[{"id":4562,"href":"https:\/\/thecedition.com\/es\/wp-json\/wp\/v2\/posts\/4500\/revisions\/4562"}],"wp:featuredmedia":[{"embeddable":true,"href":"https:\/\/thecedition.com\/es\/wp-json\/wp\/v2\/media\/4549"}],"wp:attachment":[{"href":"https:\/\/thecedition.com\/es\/wp-json\/wp\/v2\/media?parent=4500"}],"wp:term":[{"taxonomy":"category","embeddable":true,"href":"https:\/\/thecedition.com\/es\/wp-json\/wp\/v2\/categories?post=4500"},{"taxonomy":"post_tag","embeddable":true,"href":"https:\/\/thecedition.com\/es\/wp-json\/wp\/v2\/tags?post=4500"}],"curies":[{"name":"wp","href":"https:\/\/api.w.org\/{rel}","templated":true}]}}